{"id":4006,"date":"2024-02-20T10:55:46","date_gmt":"2024-02-20T09:55:46","guid":{"rendered":"https:\/\/mascasascruilles.cat\/?p=4006"},"modified":"2024-03-05T11:00:10","modified_gmt":"2024-03-05T10:00:10","slug":"llana-dovella-a-lemporda-una-tradicio-renovada-amb-mas-casas-cruillas","status":"publish","type":"post","link":"https:\/\/mascasascruilles.cat\/en\/llana-dovella-a-lemporda-una-tradicio-renovada-amb-mas-casas-cruillas\/","title":{"rendered":"Sheep&#039;s wool in the Empord\u00e0: A renewed tradition with Mas Casas Cruillas"},"content":{"rendered":"<p>In the midst of the picturesque landscape of the Empord\u00e0, a farm has emerged with a mission: to preserve and revitalize the tradition of the production of <strong><a href=\"https:\/\/mascasascruilles.cat\/en\/llana-ovella\/\">Empord\u00e0 sheep wool<\/a><\/strong>. Mas Casas Cruillas is not only a haven for this ancient craft, but also a symbol of commitment to sustainability and the preservation of cultural heritage.<\/p>\n\n\n\n<figure class=\"wp-block-image size-large\"><img loading=\"lazy\" decoding=\"async\" width=\"1024\" height=\"724\" src=\"https:\/\/mascasascruilles.cat\/wp-content\/uploads\/2023\/11\/granja-dovelles-1024x724.jpg\" alt=\"Ovelles de la granja de l'Empord\u00e0\" class=\"wp-image-3887\" srcset=\"https:\/\/mascasascruilles.cat\/wp-content\/uploads\/2023\/11\/granja-dovelles-1024x724.jpg 1024w, https:\/\/mascasascruilles.cat\/wp-content\/uploads\/2023\/11\/granja-dovelles-300x212.jpg 300w, https:\/\/mascasascruilles.cat\/wp-content\/uploads\/2023\/11\/granja-dovelles-768x543.jpg 768w, https:\/\/mascasascruilles.cat\/wp-content\/uploads\/2023\/11\/granja-dovelles-1536x1086.jpg 1536w, https:\/\/mascasascruilles.cat\/wp-content\/uploads\/2023\/11\/granja-dovelles-600x424.jpg 600w, https:\/\/mascasascruilles.cat\/wp-content\/uploads\/2023\/11\/granja-dovelles.jpg 2000w\" sizes=\"auto, (max-width: 1024px) 100vw, 1024px\" \/><\/figure>\n\n\n\n<p>The story of the <strong>sheep&#039;s wool in the Empord\u00e0<\/strong> it climbs back in time, when local shepherds worked carefully to obtain such a valuable resource as wool. With Mas Casas Cruillas, this tradition not only lives on, but also gets stronger. From the shearing of the sheep to the preparation of the threads, every step in the production process is a tribute to the past.<\/p>\n\n\n\n<p>Although wool craftsmanship may seem to belong to the past, Mas Casas Cruillas proves that it plays a crucial role in the sustainable future. With a constant concern for the health of its animals and the preservation of the environment, the farm adopts respectful husbandry practices to ensure the quality of the <strong>Empord\u00e0 sheep wool<\/strong>. Each thread of wool represents a commitment to a more ecological and balanced future.<\/p>\n\n\n\n<figure class=\"wp-block-image size-full\"><img loading=\"lazy\" decoding=\"async\" width=\"1024\" height=\"614\" src=\"https:\/\/mascasascruilles.cat\/wp-content\/uploads\/2022\/02\/@MasCasasCruilles-visita-familiar-canvi-de-lot-amb-nens-1024x614-1.jpg\" alt=\"\" class=\"wp-image-1535\" srcset=\"https:\/\/mascasascruilles.cat\/wp-content\/uploads\/2022\/02\/@MasCasasCruilles-visita-familiar-canvi-de-lot-amb-nens-1024x614-1.jpg 1024w, https:\/\/mascasascruilles.cat\/wp-content\/uploads\/2022\/02\/@MasCasasCruilles-visita-familiar-canvi-de-lot-amb-nens-1024x614-1-300x180.jpg 300w, https:\/\/mascasascruilles.cat\/wp-content\/uploads\/2022\/02\/@MasCasasCruilles-visita-familiar-canvi-de-lot-amb-nens-1024x614-1-768x461.jpg 768w, https:\/\/mascasascruilles.cat\/wp-content\/uploads\/2022\/02\/@MasCasasCruilles-visita-familiar-canvi-de-lot-amb-nens-1024x614-1-600x360.jpg 600w, https:\/\/mascasascruilles.cat\/wp-content\/uploads\/2022\/02\/elementor\/thumbs\/@MasCasasCruilles-visita-familiar-canvi-de-lot-amb-nens-1024x614-1-pk6e9csg20e2e87coa4i9jck726nllofv79scrnk54.jpg 500w\" sizes=\"auto, (max-width: 1024px) 100vw, 1024px\" \/><\/figure>\n\n\n\n<h2 class=\"wp-block-heading\">Rescuing Ancient Flavors, Creating a Sustainable Future<\/h2>\n\n\n\n<p>The mission of Mas Casas Cruillas is not limited only to the production of <strong>sheep&#039;s wool in the Empord\u00e0<\/strong>; it also includes a strong community component. The farm offers workshops and educational activities to connect with the local community and pass on the values of tradition and sustainability. Through this interaction, a sense of belonging and pride towards the cultural heritage of the region is cultivated.<\/p>\n\n\n\n<p>In short, Mas Casas Cruillas is much more than a farm; is a guardian of the history and culture of the Empord\u00e0. Its dedication to the production of <strong>Empord\u00e0 sheep wool<\/strong> it is not only a testament to the past, but also a promise of the future, where tradition and sustainability merge to create a lasting legacy.<\/p>\n\n\n\n<figure class=\"wp-block-image size-large\"><img loading=\"lazy\" decoding=\"async\" width=\"1024\" height=\"724\" src=\"https:\/\/mascasascruilles.cat\/wp-content\/uploads\/2023\/11\/granja-dovelles-lemporda-1024x724.jpg\" alt=\"A la granja d'ovelles a l'Empord\u00e0 t'esperem\" class=\"wp-image-3888\" srcset=\"https:\/\/mascasascruilles.cat\/wp-content\/uploads\/2023\/11\/granja-dovelles-lemporda-1024x724.jpg 1024w, https:\/\/mascasascruilles.cat\/wp-content\/uploads\/2023\/11\/granja-dovelles-lemporda-300x212.jpg 300w, https:\/\/mascasascruilles.cat\/wp-content\/uploads\/2023\/11\/granja-dovelles-lemporda-768x543.jpg 768w, https:\/\/mascasascruilles.cat\/wp-content\/uploads\/2023\/11\/granja-dovelles-lemporda-1536x1086.jpg 1536w, https:\/\/mascasascruilles.cat\/wp-content\/uploads\/2023\/11\/granja-dovelles-lemporda-600x424.jpg 600w, https:\/\/mascasascruilles.cat\/wp-content\/uploads\/2023\/11\/granja-dovelles-lemporda.jpg 2000w\" sizes=\"auto, (max-width: 1024px) 100vw, 1024px\" \/><\/figure>","protected":false},"excerpt":{"rendered":"<p>In the midst of the picturesque landscape of the Empord\u00e0, a farm has emerged with a mission: to preserve and revitalize the tradition of the production of Empord\u00e0 sheep&#039;s wool. Mas Casas Cruillas is not only a refuge for this ancient craft, but also a symbol of commitment to sustainability and the preservation of cultural heritage. The\u2026<\/p>","protected":false},"author":3,"featured_media":2295,"comment_status":"closed","ping_status":"closed","sticky":false,"template":"","format":"standard","meta":{"_kad_blocks_custom_css":"","_kad_blocks_head_custom_js":"","_kad_blocks_body_custom_js":"","_kad_blocks_footer_custom_js":"","_kadence_starter_templates_imported_post":false,"_kad_post_transparent":"","_kad_post_title":"","_kad_post_layout":"","_kad_post_sidebar_id":"","_kad_post_content_style":"","_kad_post_vertical_padding":"","_kad_post_feature":"","_kad_post_feature_position":"","_kad_post_header":false,"_kad_post_footer":false,"_kad_post_classname":"","footnotes":""},"categories":[83],"tags":[82],"class_list":["post-4006","post","type-post","status-publish","format-standard","has-post-thumbnail","hentry","category-llana-dovella-a-lemporda","tag-llana-dovella-a-lemporda"],"yoast_head":"<!-- This site is optimized with the Yoast SEO plugin v27.5 - https:\/\/yoast.com\/product\/yoast-seo-wordpress\/ -->\n<title>Llana d&#039;ovella a l&#039;Empord\u00e0: Una tradici\u00f3 renovada amb Mas Casas Cruillas - Mas Casas Cru\u00eflles<\/title>\n<meta name=\"description\" content=\"Enmig del pintoresc paisatge de l&#039;Empord\u00e0, sorgeix una granja amb una missi\u00f3: preservar i revitalitzar la tradici\u00f3 de la producci\u00f3 de llana d&#039;ovella Empord\u00e0.\" \/>\n<meta name=\"robots\" content=\"index, follow, max-snippet:-1, max-image-preview:large, max-video-preview:-1\" \/>\n<link rel=\"canonical\" href=\"https:\/\/mascasascruilles.cat\/en\/llana-dovella-a-lemporda-una-tradicio-renovada-amb-mas-casas-cruillas\/\" \/>\n<meta property=\"og:locale\" content=\"en_GB\" \/>\n<meta property=\"og:type\" content=\"article\" \/>\n<meta property=\"og:title\" content=\"Llana d&#039;ovella a l&#039;Empord\u00e0: Una tradici\u00f3 renovada amb Mas Casas Cruillas - Mas Casas Cru\u00eflles\" \/>\n<meta property=\"og:description\" content=\"Enmig del pintoresc paisatge de l&#039;Empord\u00e0, sorgeix una granja amb una missi\u00f3: preservar i revitalitzar la tradici\u00f3 de la producci\u00f3 de llana d&#039;ovella Empord\u00e0.\" \/>\n<meta property=\"og:url\" content=\"https:\/\/mascasascruilles.cat\/en\/llana-dovella-a-lemporda-una-tradicio-renovada-amb-mas-casas-cruillas\/\" \/>\n<meta property=\"og:site_name\" content=\"Mas Casas Cru\u00eflles\" \/>\n<meta property=\"article:published_time\" content=\"2024-02-20T09:55:46+00:00\" \/>\n<meta property=\"article:modified_time\" content=\"2024-03-05T10:00:10+00:00\" \/>\n<meta property=\"og:image\" content=\"https:\/\/mascasascruilles.cat\/wp-content\/uploads\/2022\/11\/@MasCasasCruilles-Ramon-Bassal-exterior-ovelles-email-template-rotated-e1667546008602.jpg\" \/>\n\t<meta property=\"og:image:width\" content=\"420\" \/>\n\t<meta property=\"og:image:height\" content=\"203\" \/>\n\t<meta property=\"og:image:type\" content=\"image\/jpeg\" \/>\n<meta name=\"author\" content=\"mascasascruilles\" \/>\n<meta name=\"twitter:card\" content=\"summary_large_image\" \/>\n<meta name=\"twitter:label1\" content=\"Written by\" \/>\n\t<meta name=\"twitter:data1\" content=\"mascasascruilles\" \/>\n\t<meta name=\"twitter:label2\" content=\"Estimated reading time\" \/>\n\t<meta name=\"twitter:data2\" content=\"3 minutes\" \/>\n<script type=\"application\/ld+json\" class=\"yoast-schema-graph\">{\"@context\":\"https:\\\/\\\/schema.org\",\"@graph\":[{\"@type\":\"Article\",\"@id\":\"https:\\\/\\\/mascasascruilles.cat\\\/llana-dovella-a-lemporda-una-tradicio-renovada-amb-mas-casas-cruillas\\\/#article\",\"isPartOf\":{\"@id\":\"https:\\\/\\\/mascasascruilles.cat\\\/llana-dovella-a-lemporda-una-tradicio-renovada-amb-mas-casas-cruillas\\\/\"},\"author\":{\"name\":\"mascasascruilles\",\"@id\":\"https:\\\/\\\/mascasascruilles.cat\\\/#\\\/schema\\\/person\\\/185fb42d82a6f9aa4e318a123c317602\"},\"headline\":\"Llana d&#8217;ovella a l&#8217;Empord\u00e0: Una tradici\u00f3 renovada amb Mas Casas Cruillas\",\"datePublished\":\"2024-02-20T09:55:46+00:00\",\"dateModified\":\"2024-03-05T10:00:10+00:00\",\"mainEntityOfPage\":{\"@id\":\"https:\\\/\\\/mascasascruilles.cat\\\/llana-dovella-a-lemporda-una-tradicio-renovada-amb-mas-casas-cruillas\\\/\"},\"wordCount\":350,\"publisher\":{\"@id\":\"https:\\\/\\\/mascasascruilles.cat\\\/#organization\"},\"image\":{\"@id\":\"https:\\\/\\\/mascasascruilles.cat\\\/llana-dovella-a-lemporda-una-tradicio-renovada-amb-mas-casas-cruillas\\\/#primaryimage\"},\"thumbnailUrl\":\"https:\\\/\\\/mascasascruilles.cat\\\/wp-content\\\/uploads\\\/2022\\\/11\\\/@MasCasasCruilles-Ramon-Bassal-exterior-ovelles-email-template-rotated-e1667546008602.jpg\",\"keywords\":[\"llana d'ovella a l'Empord\u00e0\"],\"articleSection\":[\"llana d'ovella a l'Empord\u00e0\"],\"inLanguage\":\"en-GB\"},{\"@type\":\"WebPage\",\"@id\":\"https:\\\/\\\/mascasascruilles.cat\\\/llana-dovella-a-lemporda-una-tradicio-renovada-amb-mas-casas-cruillas\\\/\",\"url\":\"https:\\\/\\\/mascasascruilles.cat\\\/llana-dovella-a-lemporda-una-tradicio-renovada-amb-mas-casas-cruillas\\\/\",\"name\":\"Llana d'ovella a l'Empord\u00e0: Una tradici\u00f3 renovada amb Mas Casas Cruillas - Mas Casas Cru\u00eflles\",\"isPartOf\":{\"@id\":\"https:\\\/\\\/mascasascruilles.cat\\\/#website\"},\"primaryImageOfPage\":{\"@id\":\"https:\\\/\\\/mascasascruilles.cat\\\/llana-dovella-a-lemporda-una-tradicio-renovada-amb-mas-casas-cruillas\\\/#primaryimage\"},\"image\":{\"@id\":\"https:\\\/\\\/mascasascruilles.cat\\\/llana-dovella-a-lemporda-una-tradicio-renovada-amb-mas-casas-cruillas\\\/#primaryimage\"},\"thumbnailUrl\":\"https:\\\/\\\/mascasascruilles.cat\\\/wp-content\\\/uploads\\\/2022\\\/11\\\/@MasCasasCruilles-Ramon-Bassal-exterior-ovelles-email-template-rotated-e1667546008602.jpg\",\"datePublished\":\"2024-02-20T09:55:46+00:00\",\"dateModified\":\"2024-03-05T10:00:10+00:00\",\"description\":\"Enmig del pintoresc paisatge de l'Empord\u00e0, sorgeix una granja amb una missi\u00f3: preservar i revitalitzar la tradici\u00f3 de la producci\u00f3 de llana d'ovella Empord\u00e0.\",\"breadcrumb\":{\"@id\":\"https:\\\/\\\/mascasascruilles.cat\\\/llana-dovella-a-lemporda-una-tradicio-renovada-amb-mas-casas-cruillas\\\/#breadcrumb\"},\"inLanguage\":\"en-GB\",\"potentialAction\":[{\"@type\":\"ReadAction\",\"target\":[\"https:\\\/\\\/mascasascruilles.cat\\\/llana-dovella-a-lemporda-una-tradicio-renovada-amb-mas-casas-cruillas\\\/\"]}]},{\"@type\":\"ImageObject\",\"inLanguage\":\"en-GB\",\"@id\":\"https:\\\/\\\/mascasascruilles.cat\\\/llana-dovella-a-lemporda-una-tradicio-renovada-amb-mas-casas-cruillas\\\/#primaryimage\",\"url\":\"https:\\\/\\\/mascasascruilles.cat\\\/wp-content\\\/uploads\\\/2022\\\/11\\\/@MasCasasCruilles-Ramon-Bassal-exterior-ovelles-email-template-rotated-e1667546008602.jpg\",\"contentUrl\":\"https:\\\/\\\/mascasascruilles.cat\\\/wp-content\\\/uploads\\\/2022\\\/11\\\/@MasCasasCruilles-Ramon-Bassal-exterior-ovelles-email-template-rotated-e1667546008602.jpg\",\"width\":420,\"height\":203},{\"@type\":\"BreadcrumbList\",\"@id\":\"https:\\\/\\\/mascasascruilles.cat\\\/llana-dovella-a-lemporda-una-tradicio-renovada-amb-mas-casas-cruillas\\\/#breadcrumb\",\"itemListElement\":[{\"@type\":\"ListItem\",\"position\":1,\"name\":\"Inici\",\"item\":\"https:\\\/\\\/mascasascruilles.cat\\\/\"},{\"@type\":\"ListItem\",\"position\":2,\"name\":\"Llana d&#8217;ovella a l&#8217;Empord\u00e0: Una tradici\u00f3 renovada amb Mas Casas Cruillas\"}]},{\"@type\":\"WebSite\",\"@id\":\"https:\\\/\\\/mascasascruilles.cat\\\/#website\",\"url\":\"https:\\\/\\\/mascasascruilles.cat\\\/\",\"name\":\"Mas Casas Cru\u00eflles\",\"description\":\"Granja familiar amb ovelles a Empord\u00e0\",\"publisher\":{\"@id\":\"https:\\\/\\\/mascasascruilles.cat\\\/#organization\"},\"potentialAction\":[{\"@type\":\"SearchAction\",\"target\":{\"@type\":\"EntryPoint\",\"urlTemplate\":\"https:\\\/\\\/mascasascruilles.cat\\\/?s={search_term_string}\"},\"query-input\":{\"@type\":\"PropertyValueSpecification\",\"valueRequired\":true,\"valueName\":\"search_term_string\"}}],\"inLanguage\":\"en-GB\"},{\"@type\":\"Organization\",\"@id\":\"https:\\\/\\\/mascasascruilles.cat\\\/#organization\",\"name\":\"Mas Casas Cru\u00eflles\",\"url\":\"https:\\\/\\\/mascasascruilles.cat\\\/\",\"logo\":{\"@type\":\"ImageObject\",\"inLanguage\":\"en-GB\",\"@id\":\"https:\\\/\\\/mascasascruilles.cat\\\/#\\\/schema\\\/logo\\\/image\\\/\",\"url\":\"https:\\\/\\\/mascasascruilles.cat\\\/wp-content\\\/uploads\\\/2022\\\/02\\\/cropped-logo_mascasas_negre.jpg\",\"contentUrl\":\"https:\\\/\\\/mascasascruilles.cat\\\/wp-content\\\/uploads\\\/2022\\\/02\\\/cropped-logo_mascasas_negre.jpg\",\"width\":756,\"height\":756,\"caption\":\"Mas Casas Cru\u00eflles\"},\"image\":{\"@id\":\"https:\\\/\\\/mascasascruilles.cat\\\/#\\\/schema\\\/logo\\\/image\\\/\"}},{\"@type\":\"Person\",\"@id\":\"https:\\\/\\\/mascasascruilles.cat\\\/#\\\/schema\\\/person\\\/185fb42d82a6f9aa4e318a123c317602\",\"name\":\"mascasascruilles\",\"sameAs\":[\"https:\\\/\\\/mascasascruilles.cat\"],\"url\":\"https:\\\/\\\/mascasascruilles.cat\\\/en\\\/author\\\/mascasascruilles\\\/\"}]}<\/script>\n<!-- \/ Yoast SEO plugin. -->","yoast_head_json":{"title":"Llana d'ovella a l'Empord\u00e0: Una tradici\u00f3 renovada amb Mas Casas Cruillas - Mas Casas Cru\u00eflles","description":"Enmig del pintoresc paisatge de l'Empord\u00e0, sorgeix una granja amb una missi\u00f3: preservar i revitalitzar la tradici\u00f3 de la producci\u00f3 de llana d'ovella Empord\u00e0.","robots":{"index":"index","follow":"follow","max-snippet":"max-snippet:-1","max-image-preview":"max-image-preview:large","max-video-preview":"max-video-preview:-1"},"canonical":"https:\/\/mascasascruilles.cat\/en\/llana-dovella-a-lemporda-una-tradicio-renovada-amb-mas-casas-cruillas\/","og_locale":"en_GB","og_type":"article","og_title":"Llana d'ovella a l'Empord\u00e0: Una tradici\u00f3 renovada amb Mas Casas Cruillas - Mas Casas Cru\u00eflles","og_description":"Enmig del pintoresc paisatge de l'Empord\u00e0, sorgeix una granja amb una missi\u00f3: preservar i revitalitzar la tradici\u00f3 de la producci\u00f3 de llana d'ovella Empord\u00e0.","og_url":"https:\/\/mascasascruilles.cat\/en\/llana-dovella-a-lemporda-una-tradicio-renovada-amb-mas-casas-cruillas\/","og_site_name":"Mas Casas Cru\u00eflles","article_published_time":"2024-02-20T09:55:46+00:00","article_modified_time":"2024-03-05T10:00:10+00:00","og_image":[{"width":420,"height":203,"url":"https:\/\/mascasascruilles.cat\/wp-content\/uploads\/2022\/11\/@MasCasasCruilles-Ramon-Bassal-exterior-ovelles-email-template-rotated-e1667546008602.jpg","type":"image\/jpeg"}],"author":"mascasascruilles","twitter_card":"summary_large_image","twitter_misc":{"Written by":"mascasascruilles","Estimated reading time":"3 minutes"},"schema":{"@context":"https:\/\/schema.org","@graph":[{"@type":"Article","@id":"https:\/\/mascasascruilles.cat\/llana-dovella-a-lemporda-una-tradicio-renovada-amb-mas-casas-cruillas\/#article","isPartOf":{"@id":"https:\/\/mascasascruilles.cat\/llana-dovella-a-lemporda-una-tradicio-renovada-amb-mas-casas-cruillas\/"},"author":{"name":"mascasascruilles","@id":"https:\/\/mascasascruilles.cat\/#\/schema\/person\/185fb42d82a6f9aa4e318a123c317602"},"headline":"Llana d&#8217;ovella a l&#8217;Empord\u00e0: Una tradici\u00f3 renovada amb Mas Casas Cruillas","datePublished":"2024-02-20T09:55:46+00:00","dateModified":"2024-03-05T10:00:10+00:00","mainEntityOfPage":{"@id":"https:\/\/mascasascruilles.cat\/llana-dovella-a-lemporda-una-tradicio-renovada-amb-mas-casas-cruillas\/"},"wordCount":350,"publisher":{"@id":"https:\/\/mascasascruilles.cat\/#organization"},"image":{"@id":"https:\/\/mascasascruilles.cat\/llana-dovella-a-lemporda-una-tradicio-renovada-amb-mas-casas-cruillas\/#primaryimage"},"thumbnailUrl":"https:\/\/mascasascruilles.cat\/wp-content\/uploads\/2022\/11\/@MasCasasCruilles-Ramon-Bassal-exterior-ovelles-email-template-rotated-e1667546008602.jpg","keywords":["llana d'ovella a l'Empord\u00e0"],"articleSection":["llana d'ovella a l'Empord\u00e0"],"inLanguage":"en-GB"},{"@type":"WebPage","@id":"https:\/\/mascasascruilles.cat\/llana-dovella-a-lemporda-una-tradicio-renovada-amb-mas-casas-cruillas\/","url":"https:\/\/mascasascruilles.cat\/llana-dovella-a-lemporda-una-tradicio-renovada-amb-mas-casas-cruillas\/","name":"Llana d'ovella a l'Empord\u00e0: Una tradici\u00f3 renovada amb Mas Casas Cruillas - Mas Casas Cru\u00eflles","isPartOf":{"@id":"https:\/\/mascasascruilles.cat\/#website"},"primaryImageOfPage":{"@id":"https:\/\/mascasascruilles.cat\/llana-dovella-a-lemporda-una-tradicio-renovada-amb-mas-casas-cruillas\/#primaryimage"},"image":{"@id":"https:\/\/mascasascruilles.cat\/llana-dovella-a-lemporda-una-tradicio-renovada-amb-mas-casas-cruillas\/#primaryimage"},"thumbnailUrl":"https:\/\/mascasascruilles.cat\/wp-content\/uploads\/2022\/11\/@MasCasasCruilles-Ramon-Bassal-exterior-ovelles-email-template-rotated-e1667546008602.jpg","datePublished":"2024-02-20T09:55:46+00:00","dateModified":"2024-03-05T10:00:10+00:00","description":"Enmig del pintoresc paisatge de l'Empord\u00e0, sorgeix una granja amb una missi\u00f3: preservar i revitalitzar la tradici\u00f3 de la producci\u00f3 de llana d'ovella Empord\u00e0.","breadcrumb":{"@id":"https:\/\/mascasascruilles.cat\/llana-dovella-a-lemporda-una-tradicio-renovada-amb-mas-casas-cruillas\/#breadcrumb"},"inLanguage":"en-GB","potentialAction":[{"@type":"ReadAction","target":["https:\/\/mascasascruilles.cat\/llana-dovella-a-lemporda-una-tradicio-renovada-amb-mas-casas-cruillas\/"]}]},{"@type":"ImageObject","inLanguage":"en-GB","@id":"https:\/\/mascasascruilles.cat\/llana-dovella-a-lemporda-una-tradicio-renovada-amb-mas-casas-cruillas\/#primaryimage","url":"https:\/\/mascasascruilles.cat\/wp-content\/uploads\/2022\/11\/@MasCasasCruilles-Ramon-Bassal-exterior-ovelles-email-template-rotated-e1667546008602.jpg","contentUrl":"https:\/\/mascasascruilles.cat\/wp-content\/uploads\/2022\/11\/@MasCasasCruilles-Ramon-Bassal-exterior-ovelles-email-template-rotated-e1667546008602.jpg","width":420,"height":203},{"@type":"BreadcrumbList","@id":"https:\/\/mascasascruilles.cat\/llana-dovella-a-lemporda-una-tradicio-renovada-amb-mas-casas-cruillas\/#breadcrumb","itemListElement":[{"@type":"ListItem","position":1,"name":"Inici","item":"https:\/\/mascasascruilles.cat\/"},{"@type":"ListItem","position":2,"name":"Llana d&#8217;ovella a l&#8217;Empord\u00e0: Una tradici\u00f3 renovada amb Mas Casas Cruillas"}]},{"@type":"WebSite","@id":"https:\/\/mascasascruilles.cat\/#website","url":"https:\/\/mascasascruilles.cat\/","name":"Mas Casas Cru\u00eflles","description":"Family farm with sheep in Empord\u00e0","publisher":{"@id":"https:\/\/mascasascruilles.cat\/#organization"},"potentialAction":[{"@type":"SearchAction","target":{"@type":"EntryPoint","urlTemplate":"https:\/\/mascasascruilles.cat\/?s={search_term_string}"},"query-input":{"@type":"PropertyValueSpecification","valueRequired":true,"valueName":"search_term_string"}}],"inLanguage":"en-GB"},{"@type":"Organization","@id":"https:\/\/mascasascruilles.cat\/#organization","name":"Mas Casas Cru\u00eflles","url":"https:\/\/mascasascruilles.cat\/","logo":{"@type":"ImageObject","inLanguage":"en-GB","@id":"https:\/\/mascasascruilles.cat\/#\/schema\/logo\/image\/","url":"https:\/\/mascasascruilles.cat\/wp-content\/uploads\/2022\/02\/cropped-logo_mascasas_negre.jpg","contentUrl":"https:\/\/mascasascruilles.cat\/wp-content\/uploads\/2022\/02\/cropped-logo_mascasas_negre.jpg","width":756,"height":756,"caption":"Mas Casas Cru\u00eflles"},"image":{"@id":"https:\/\/mascasascruilles.cat\/#\/schema\/logo\/image\/"}},{"@type":"Person","@id":"https:\/\/mascasascruilles.cat\/#\/schema\/person\/185fb42d82a6f9aa4e318a123c317602","name":"mascasascruilles","sameAs":["https:\/\/mascasascruilles.cat"],"url":"https:\/\/mascasascruilles.cat\/en\/author\/mascasascruilles\/"}]}},"taxonomy_info":{"category":[{"value":83,"label":"llana d'ovella a l'Empord\u00e0"}],"post_tag":[{"value":82,"label":"llana d'ovella a l'Empord\u00e0"}]},"featured_image_src_large":["https:\/\/mascasascruilles.cat\/wp-content\/uploads\/2022\/11\/@MasCasasCruilles-Ramon-Bassal-exterior-ovelles-email-template-rotated-e1667546008602.jpg",420,203,false],"author_info":{"display_name":"mascasascruilles","author_link":"https:\/\/mascasascruilles.cat\/en\/author\/mascasascruilles\/"},"comment_info":0,"category_info":[{"term_id":83,"name":"llana d'ovella a l'Empord\u00e0","slug":"llana-dovella-a-lemporda","term_group":0,"term_taxonomy_id":83,"taxonomy":"category","description":"","parent":0,"count":2,"filter":"raw","cat_ID":83,"category_count":2,"category_description":"","cat_name":"llana d'ovella a l'Empord\u00e0","category_nicename":"llana-dovella-a-lemporda","category_parent":0}],"tag_info":[{"term_id":82,"name":"llana d'ovella a l'Empord\u00e0","slug":"llana-dovella-a-lemporda","term_group":0,"term_taxonomy_id":82,"taxonomy":"post_tag","description":"","parent":0,"count":1,"filter":"raw"}],"_links":{"self":[{"href":"https:\/\/mascasascruilles.cat\/en\/wp-json\/wp\/v2\/posts\/4006","targetHints":{"allow":["GET"]}}],"collection":[{"href":"https:\/\/mascasascruilles.cat\/en\/wp-json\/wp\/v2\/posts"}],"about":[{"href":"https:\/\/mascasascruilles.cat\/en\/wp-json\/wp\/v2\/types\/post"}],"author":[{"embeddable":true,"href":"https:\/\/mascasascruilles.cat\/en\/wp-json\/wp\/v2\/users\/3"}],"replies":[{"embeddable":true,"href":"https:\/\/mascasascruilles.cat\/en\/wp-json\/wp\/v2\/comments?post=4006"}],"version-history":[{"count":1,"href":"https:\/\/mascasascruilles.cat\/en\/wp-json\/wp\/v2\/posts\/4006\/revisions"}],"predecessor-version":[{"id":4007,"href":"https:\/\/mascasascruilles.cat\/en\/wp-json\/wp\/v2\/posts\/4006\/revisions\/4007"}],"wp:featuredmedia":[{"embeddable":true,"href":"https:\/\/mascasascruilles.cat\/en\/wp-json\/wp\/v2\/media\/2295"}],"wp:attachment":[{"href":"https:\/\/mascasascruilles.cat\/en\/wp-json\/wp\/v2\/media?parent=4006"}],"wp:term":[{"taxonomy":"category","embeddable":true,"href":"https:\/\/mascasascruilles.cat\/en\/wp-json\/wp\/v2\/categories?post=4006"},{"taxonomy":"post_tag","embeddable":true,"href":"https:\/\/mascasascruilles.cat\/en\/wp-json\/wp\/v2\/tags?post=4006"}],"curies":[{"name":"wp","href":"https:\/\/api.w.org\/{rel}","templated":true}]}}