{"id":3601,"date":"2022-09-22T12:08:00","date_gmt":"2022-09-22T10:08:00","guid":{"rendered":"https:\/\/mascasascruilles.cat\/?p=3601"},"modified":"2023-07-26T13:11:47","modified_gmt":"2023-07-26T11:11:47","slug":"publicacio-article-sobre-lagricultura-regenerativa-a-la-revista-digital-emporion-org","status":"publish","type":"post","link":"https:\/\/mascasascruilles.cat\/es\/publicacio-article-sobre-lagricultura-regenerativa-a-la-revista-digital-emporion-org\/","title":{"rendered":"Publicaci\u00f3n art\u00edculo sobre \u201cLa agricultura regenerativa\u201d en la revista digital Emporion.org"},"content":{"rendered":"<blockquote class=\"wp-block-quote is-layout-flow wp-block-quote-is-layout-flow\">\n<p><strong>\u201cUna nueva forma de gestionar la tierra es imprescindible para la lucha contra el cambio clim\u00e1tico, la transici\u00f3n energ\u00e9tica, el reto de la soberan\u00eda alimentaria y de la viabilidad del sector agro-ganadero.\u201d<\/strong><\/p>\n<\/blockquote>\n\n\n\n<p>Los primeros 30cm de un suelo agr\u00edcola vivo es donde residen todos los microorganismos que generan la vida en el planeta. Por tanto, para los que vivimos (especialmente para los agricultores y ganaderos que vivimos) conocer muy bien c\u00f3mo funciona el suelo agr\u00edcola f\u00e9rtil y su simbiosis con las plantas, los animales herb\u00edvoros, las aves que desparasitan y los depredadores deber\u00eda ser de vital importancia. Adem\u00e1s, la interacci\u00f3n entre todos estos elementos es la que permite que la vida se siga desarrollando y los humanos necesitamos extraer productos de este sistema para alimentarnos.<\/p>\n\n\n\n<p>Desde mediados del siglo XX, la atenci\u00f3n de agricultores y ganaderos de todo el mundo sigue centr\u00e1ndose en el rendimiento cuantitativo y la pr\u00e1ctica de agricultura y ganader\u00eda intensivas para conseguirlo. El deterioro de la tierra ha sido casi inevitable, puesto que con este sistema productivo intensivo la tierra se desmineraliza, se ve afectada biol\u00f3gicamente por la fuerte mecanizaci\u00f3n y grandes movimientos de tierras, ya menudo tambi\u00e9n est\u00e1 cargada de residuos de herbicidas y pesticidas.<\/p>\n\n\n<div class=\"wp-block-image\">\n<figure class=\"aligncenter size-full\"><img loading=\"lazy\" decoding=\"async\" width=\"800\" height=\"534\" src=\"https:\/\/mascasascruilles.cat\/wp-content\/uploads\/2023\/07\/MasCasasCruilles.webp\" alt=\"\" class=\"wp-image-3651\" srcset=\"https:\/\/mascasascruilles.cat\/wp-content\/uploads\/2023\/07\/MasCasasCruilles.webp 800w, https:\/\/mascasascruilles.cat\/wp-content\/uploads\/2023\/07\/MasCasasCruilles-300x200.webp 300w, https:\/\/mascasascruilles.cat\/wp-content\/uploads\/2023\/07\/MasCasasCruilles-768x513.webp 768w, https:\/\/mascasascruilles.cat\/wp-content\/uploads\/2023\/07\/MasCasasCruilles-600x401.webp 600w, https:\/\/mascasascruilles.cat\/wp-content\/uploads\/2023\/07\/MasCasasCruilles-66x43.webp 66w\" sizes=\"auto, (max-width: 800px) 100vw, 800px\" \/><\/figure>\n<\/div>\n\n\n<p>Llegados a este punto, una nueva forma de gestionar la tierra es imprescindible para la lucha contra el cambio clim\u00e1tico, la transici\u00f3n energ\u00e9tica, el reto de la soberan\u00eda alimentaria y de la viabilidad del sector agro-ganadero. Cada vez la percepci\u00f3n de los efectos adversos del cambio clim\u00e1tico es m\u00e1s evidente, con cifras r\u00e9cord de altas temperaturas, fuegos virulentos, lluvias intensas y desiguales en el territorio y un rendimiento alterado de plantas y animales. Adem\u00e1s, la guerra en Ucrania, ha evidenciado la dependencia de las energ\u00edas derivadas del petr\u00f3leo y la carencia de diversidad agr\u00edcola y de soberan\u00eda alimentaria de los pa\u00edses. Por \u00faltimo, las peque\u00f1as explotaciones agro-ganaderas pliegan o subsisten c\u00f3mo pueden frente a las cosechas cada vez m\u00e1s inciertas, la subida generalizada de los precios de materias primas y de energ\u00eda y los gastos para hacer frente a nuevas normativas y burocracia excesiva.<\/p>\n\n\n\n<p>Por todo ello, cuando hablamos de encontrar soluciones a esta situaci\u00f3n, \u00faltimamente escuchamos muchas palabras como permacultura, agroecolog\u00eda, agroforest\u00eda, agricultura sostenible, dise\u00f1o&nbsp;<em>keyline<\/em>, manejo hol\u00edstico, pr\u00e1cticas de siembra directa, etc. y, especialmente, las de agricultura regenerativa. Pero, \u00bfqu\u00e9 es la agricultura regenerativa?<\/p>\n\n\n\n<blockquote class=\"wp-block-quote is-layout-flow wp-block-quote-is-layout-flow\">\n<p><strong>\u201cA menudo la agricultura regenerativa tambi\u00e9n se llama la agricultura del cambio clim\u00e1tico. Si todos los suelos arables del mundo aumentaran la captaci\u00f3n del carbono un 1,6%, en 10 a\u00f1os habr\u00edamos captado todo el exceso de CO2 de la atm\u00f3sfera y lo habr\u00edamos fijado en el suelo.\u201d<\/strong><\/p>\n<\/blockquote>\n\n\n\n<p>La agricultura regenerativa es un conjunto de t\u00e9cnicas agr\u00edcolas modernas con conocimientos ancestrales, con las que el agricultor y el ganadero colaboran con la naturaleza (abandonando el deseo de dominarla) formando parte de un ecosistema de producci\u00f3n en el que se mantenga el equilibrio natural, trabajando para recuperar la fertilidad de la tierra, para regenerar el suelo, sin empobrecerlo ni contaminarlo.&nbsp;<\/p>\n\n\n\n<p>Este tipo de agricultura busca aplicar los mecanismos que ocurren de forma natural en los ecosistemas salvajes y aplicarlos al agrosistema cultivado creando ecosistemas sanos, estables y resistentes a plagas y enfermedades. No se trata de sustituir productos qu\u00edmicos de s\u00edntesis por productos qu\u00edmicos naturales menos contaminantes, sino crear ecosistemas resilientes que funcionen con la m\u00ednima intervenci\u00f3n de la mano del hombre. Este nuevo enfoque por parte de los agricultores y ganaderos es clave y no es f\u00e1cil. S\u00f3lo aquellos m\u00e1s concienciados y atrevidos implementan este nuevo sistema productivo que requiere formaci\u00f3n, tiempo, paciencia y dinero. La transici\u00f3n a la agricultura regenerativa implica una visi\u00f3n a medio-largo plazo. Se calcula que se necesitan entre 5 y 10 a\u00f1os para que el ecosistema funcione plenamente. En los primeros a\u00f1os, la producci\u00f3n de la tierra es inferior a una producci\u00f3n habitual antes de implementarlo y hay que hacer frente, adem\u00e1s, a p\u00e9rdidas econ\u00f3micas por la baja producci\u00f3n y por las inversiones de implementaci\u00f3n del sistema. Sin embargo, con los a\u00f1os, quienes se han atrevido a hacerlo, consiguen rentabilidades m\u00e1s altas de sus fincas y han reducido considerablemente los costes de producci\u00f3n.<\/p>\n\n\n<div class=\"wp-block-image\">\n<figure class=\"aligncenter size-full\"><img loading=\"lazy\" decoding=\"async\" width=\"800\" height=\"534\" src=\"https:\/\/mascasascruilles.cat\/wp-content\/uploads\/2022\/09\/MasCasasCruilles-Ovella-menjant-primer-pla-IMG_4500-bona.webp\" alt=\"\" class=\"wp-image-3652\" srcset=\"https:\/\/mascasascruilles.cat\/wp-content\/uploads\/2022\/09\/MasCasasCruilles-Ovella-menjant-primer-pla-IMG_4500-bona.webp 800w, https:\/\/mascasascruilles.cat\/wp-content\/uploads\/2022\/09\/MasCasasCruilles-Ovella-menjant-primer-pla-IMG_4500-bona-300x200.webp 300w, https:\/\/mascasascruilles.cat\/wp-content\/uploads\/2022\/09\/MasCasasCruilles-Ovella-menjant-primer-pla-IMG_4500-bona-768x513.webp 768w, https:\/\/mascasascruilles.cat\/wp-content\/uploads\/2022\/09\/MasCasasCruilles-Ovella-menjant-primer-pla-IMG_4500-bona-600x401.webp 600w, https:\/\/mascasascruilles.cat\/wp-content\/uploads\/2022\/09\/MasCasasCruilles-Ovella-menjant-primer-pla-IMG_4500-bona-66x43.webp 66w\" sizes=\"auto, (max-width: 800px) 100vw, 800px\" \/><\/figure>\n<\/div>\n\n\n<p>A menudo, la agricultura regenerativa tambi\u00e9n se llama la agricultura del cambio clim\u00e1tico. Si todos los suelos arables del mundo aumentaran la captaci\u00f3n del carbono un 1,6%, en 10 a\u00f1os habr\u00edamos captado todo el exceso de CO2 de la atm\u00f3sfera y lo habr\u00edamos fijado en el suelo. La tecnolog\u00eda agr\u00edcola adecuada para combatir el cambio clim\u00e1tico es la fotos\u00edntesis de las plantas, que captan el CO2 de la atm\u00f3sfera y fijan el carbono necesario en el suelo y liberan su ox\u00edgeno. Y el pasto del ganado es lo que m\u00e1s estimula la fotos\u00edntesis de las plantas. Por este motivo, la agricultura regenerativa promueve la cr\u00eda, en un mismo espacio, de diversas especies animales y vegetales que act\u00faan entre s\u00ed de forma simbi\u00f3tica, asegurando un equilibrio sostenible y enriquecimiento del suelo.<\/p>\n\n\n\n<p>A nivel pr\u00e1ctico, con la agricultura regenerativa desaparece la labrada y se mantiene una cobertura vegetal permanente del suelo con diversificaci\u00f3n de plantas cultivadas y \u00e1rboles, que ayuda a la fijaci\u00f3n ininterrumpida del carbono pero tambi\u00e9n a la retenci\u00f3n del agua de la lluvia o del riego, evitando al mismo tiempo su erosi\u00f3n. Con la reducci\u00f3n del impacto mec\u00e1nico de la labor y la aplicaci\u00f3n de una siembra directa se protege mejor el h\u00e1bitat y la riqueza biol\u00f3gica de los organismos que viven en el suelo.<\/p>\n\n\n\n<p>La ganader\u00eda extensiva puede contribuir a la vitalidad biol\u00f3gica del suelo. Se trata de imitar a las antiguas poblaciones n\u00f3madas o reba\u00f1os trashumantes, que se iban moviendo all\u00e1 donde encontraban agua y comida por su ganado, en un espacio delimitado y con un sistema de planificaci\u00f3n y toma de decisiones que ayude a gestionar mejor los recursos agr\u00edcolas . En este sistema, el reba\u00f1o de ganado herb\u00edvoro pasta intensamente un espacio durante un tiempo determinado alimentando el suelo con los excedentes de las plantas y sus heces. Despu\u00e9s se traslada a otro espacio a realizar el mismo proceso dejando tiempo en el espacio abandonado para que el suelo vivo lo absorba, lo transforme y regenere las plantas que ha quedado.<\/p>\n\n\n\n<blockquote class=\"wp-block-quote is-layout-flow wp-block-quote-is-layout-flow\">\n<p><strong>\u201cLos consumidores cada vez aprecian m\u00e1s este tipo de producci\u00f3n de alimentos respetuosa con el medio ambiente y, con el consumo de este tipo de alimentos, ayudan a agricultores y ganaderos que lo implementamos porque son m\u00e1s conscientes de su capacidad para decidir activamente qu\u00e9 tipo de modelo productivo agro-ganadero quieren potenciar.\u201d<\/strong><\/p>\n<\/blockquote>\n\n\n\n<p>Con este tipo de agricultura se consiguen alimentos saludables para las personas porque los productos procedentes del ganado que pasto son muy nutritivos y de una calidad excepcional. Adem\u00e1s, los consumidores cada vez aprecian m\u00e1s este tipo de producci\u00f3n de alimentos respetuosa con el medio ambiente y, con el consumo de este tipo de alimentos, ayudan a agricultores y ganaderos que lo implementamos porque son m\u00e1s conscientes de su capacidad para decidir activamente qu\u00e9 tipo de modelo productivo agroganadero quieren potenciar.<\/p>\n\n\n\n<p>Quien quiera saber m\u00e1s sobre este sistema agro-ganadero resiliente que se basa en conocer y potenciar las relaciones naturales entre suelo vivo, plantas y animales para incrementar la fertilidad de todo el sistema productivo, a\u00f1o tras a\u00f1o, recomiendo ver el documental \u201c<em>Kiss the ground\u201d\u00a0<\/em>accesible en Netflix.<\/p>\n\n\n<style>.kadence-video-popup_33660e-80 .kadence-video-popup-wrap .kadence-video-overlay{opacity:0.3;;mix-blend-mode:none;;background:#000000;;}.kadence-video-popup_33660e-80 .kadence-video-popup-wrap:hover .kadence-video-overlay{opacity:0.5;;}.kadence-video-popup_33660e-80 .kadence-video-popup-wrap{border-top:2px solid rgba(255,255,255,0.8);border-right:2px solid rgba(255,255,255,0.8);border-bottom:2px solid rgba(255,255,255,0.8);border-left:2px solid rgba(255,255,255,0.8);}.kadence-video-popup_33660e-80{margin-top:30px;margin-right:0px;margin-bottom:30px;margin-left:0px;}.kadence-video-popup_33660e-80 .kadence-video-popup-wrap .kt-video-svg-icon{color:#ffffff;}.kadence-video-popup_33660e-80 .kadence-video-popup-wrap .kt-video-svg-icon > svg{stroke-width:2;}.glightbox-kadence-dark.kadence-popup-_33660e-80 .goverlay{background:#000000;opacity:0.8;}.glightbox-container.kadence-popup-_33660e-80 .gclose path, .glightbox-container.kadence-popup-_33660e-80 .gnext path, .glightbox-container.kadence-popup-_33660e-80 .gprev path{fill:#ffffff;}.glightbox-container.kadence-popup-_33660e-80 .gslide-video, .glightbox-container.kadence-popup-_33660e-80 .gvideo-local{max-width:900px !important;}@media all and (max-width: 1024px){.kadence-video-popup_33660e-80 .kadence-video-popup-wrap{border-top:2px solid rgba(255,255,255,0.8);border-right:2px solid rgba(255,255,255,0.8);border-bottom:2px solid rgba(255,255,255,0.8);border-left:2px solid rgba(255,255,255,0.8);}}@media all and (max-width: 767px){.kadence-video-popup_33660e-80 .kadence-video-popup-wrap{border-top:2px solid rgba(255,255,255,0.8);border-right:2px solid rgba(255,255,255,0.8);border-bottom:2px solid rgba(255,255,255,0.8);border-left:2px solid rgba(255,255,255,0.8);}}<\/style>\n<div class=\"wp-block-kadence-videopopup kadence-video-popup_33660e-80\"><div class=\"kadence-video-popup-wrap kadence-video-noshadow\"><div class=\"kadence-video-intrinsic\"><img loading=\"lazy\" decoding=\"async\" src=\"https:\/\/mascasascruilles.cat\/wp-content\/uploads\/2022\/09\/agricultura.jpg\" alt=\"\" width=\"800\" height=\"534\" class=\"kadence-video-poster wp-image-3653\" srcset=\"https:\/\/mascasascruilles.cat\/wp-content\/uploads\/2022\/09\/agricultura.jpg 800w, https:\/\/mascasascruilles.cat\/wp-content\/uploads\/2022\/09\/agricultura-300x200.jpg 300w, https:\/\/mascasascruilles.cat\/wp-content\/uploads\/2022\/09\/agricultura-768x513.jpg 768w, https:\/\/mascasascruilles.cat\/wp-content\/uploads\/2022\/09\/agricultura-600x401.jpg 600w, https:\/\/mascasascruilles.cat\/wp-content\/uploads\/2022\/09\/agricultura-66x43.jpg 66w\" sizes=\"auto, (max-width: 800px) 100vw, 800px\" \/><div class=\"kadence-video-overlay\"><\/div><a href=\"https:\/\/www.youtube.com\/watch?v=neLjlCamFUk\" role=\"button\" data-popup-class=\"kadence-popup-_33660e-80\" data-effect=\"none\" class=\"kadence-video-popup-link kadence-video-type-external\"><div style=\"display:inline-flex;justify-content:center;align-items:center\" class=\"kt-video-svg-icon kt-video-svg-icon-style-default kt-video-svg-icon-fas_play kt-video-play-animation-none kt-video-svg-icon-size-auto\"><svg style=\"display:inline-block;vertical-align:middle\" viewbox=\"0 0 448 512\" height=\"30\" width=\"30\" fill=\"currentColor\" xmlns=\"http:\/\/www.w3.org\/2000\/svg\"><title>Play<\/title><path d=\"M424.4 214.7L72.4 6.6C43.8-10.3 0 6.1 0 47.9V464c0 37.5 40.7 60.1 72.4 41.3l352-208c31.4-18.5 31.5-64.1 0-82.6z\"><\/path><\/svg><\/div><\/a><\/div><\/div><\/div>\n\n\n\n<p>M\u00e1s informaci\u00f3n:<br><a href=\"https:\/\/emporion.org\/lagricultura-regenerativa\/\">https:\/\/emporion.org\/lagricultura-regenerativa\/<\/a><\/p>","protected":false},"excerpt":{"rendered":"<p>\u201cUna nueva forma de gestionar la tierra es imprescindible para la lucha contra el cambio clim\u00e1tico, la transici\u00f3n energ\u00e9tica, el reto de la soberan\u00eda alimentaria y de la viabilidad del sector agro-ganadero.\u201d Los primeros 30cm de un suelo agr\u00edcola vivo es donde residen todos los microorganismos que generan la vida en el planeta. Por tanto, por los que\u2026<\/p>","protected":false},"author":4,"featured_media":3653,"comment_status":"closed","ping_status":"closed","sticky":false,"template":"","format":"standard","meta":{"_kad_blocks_custom_css":"","_kad_blocks_head_custom_js":"","_kad_blocks_body_custom_js":"","_kad_blocks_footer_custom_js":"","_kadence_starter_templates_imported_post":false,"_kad_post_transparent":"","_kad_post_title":"","_kad_post_layout":"","_kad_post_sidebar_id":"","_kad_post_content_style":"","_kad_post_vertical_padding":"","_kad_post_feature":"","_kad_post_feature_position":"","_kad_post_header":false,"_kad_post_footer":false,"_kad_post_classname":"","footnotes":""},"categories":[1],"tags":[],"class_list":["post-3601","post","type-post","status-publish","format-standard","has-post-thumbnail","hentry","category-presencia-als-media"],"yoast_head":"<!-- This site is optimized with the Yoast SEO plugin v27.5 - https:\/\/yoast.com\/product\/yoast-seo-wordpress\/ -->\n<title>Publicaci\u00f3 article sobre\u00a0\u201cL\u2019agricultura regenerativa\u201d\u00a0a la revista digital Emporion.org - Mas Casas Cru\u00eflles<\/title>\n<meta name=\"robots\" content=\"index, follow, max-snippet:-1, max-image-preview:large, max-video-preview:-1\" \/>\n<link rel=\"canonical\" href=\"https:\/\/mascasascruilles.cat\/es\/publicacio-article-sobre-lagricultura-regenerativa-a-la-revista-digital-emporion-org\/\" \/>\n<meta property=\"og:locale\" content=\"es_ES\" \/>\n<meta property=\"og:type\" content=\"article\" \/>\n<meta property=\"og:title\" content=\"Publicaci\u00f3 article sobre\u00a0\u201cL\u2019agricultura regenerativa\u201d\u00a0a la revista digital Emporion.org - Mas Casas Cru\u00eflles\" \/>\n<meta property=\"og:description\" content=\"\u201cUna nova manera de gestionar la terra \u00e9s imprescindible per la lluita contra el canvi clim\u00e0tic, la transici\u00f3 energ\u00e8tica, el repte de la sobirania aliment\u00e0ria i de la viabilitat del sector agro-ramader.\u201d Els primers 30cm d\u2019un s\u00f2l agr\u00edcola viu \u00e9s on resideixen tots els microorganismes que generen la vida al planeta. Per tant, pels que...\" \/>\n<meta property=\"og:url\" content=\"https:\/\/mascasascruilles.cat\/es\/publicacio-article-sobre-lagricultura-regenerativa-a-la-revista-digital-emporion-org\/\" \/>\n<meta property=\"og:site_name\" content=\"Mas Casas Cru\u00eflles\" \/>\n<meta property=\"article:published_time\" content=\"2022-09-22T10:08:00+00:00\" \/>\n<meta property=\"article:modified_time\" content=\"2023-07-26T11:11:47+00:00\" \/>\n<meta property=\"og:image\" content=\"https:\/\/mascasascruilles.cat\/wp-content\/uploads\/2022\/09\/agricultura.jpg\" \/>\n\t<meta property=\"og:image:width\" content=\"800\" \/>\n\t<meta property=\"og:image:height\" content=\"534\" \/>\n\t<meta property=\"og:image:type\" content=\"image\/jpeg\" \/>\n<meta name=\"author\" content=\"eloi\" \/>\n<meta name=\"twitter:card\" content=\"summary_large_image\" \/>\n<meta name=\"twitter:label1\" content=\"Escrito por\" \/>\n\t<meta name=\"twitter:data1\" content=\"eloi\" \/>\n\t<meta name=\"twitter:label2\" content=\"Tiempo de lectura\" \/>\n\t<meta name=\"twitter:data2\" content=\"7 minutos\" \/>\n<script type=\"application\/ld+json\" class=\"yoast-schema-graph\">{\"@context\":\"https:\\\/\\\/schema.org\",\"@graph\":[{\"@type\":\"Article\",\"@id\":\"https:\\\/\\\/mascasascruilles.cat\\\/publicacio-article-sobre-lagricultura-regenerativa-a-la-revista-digital-emporion-org\\\/#article\",\"isPartOf\":{\"@id\":\"https:\\\/\\\/mascasascruilles.cat\\\/publicacio-article-sobre-lagricultura-regenerativa-a-la-revista-digital-emporion-org\\\/\"},\"author\":{\"name\":\"eloi\",\"@id\":\"https:\\\/\\\/mascasascruilles.cat\\\/#\\\/schema\\\/person\\\/966bc8f403d2ef1308ea0ff11de278bc\"},\"headline\":\"Publicaci\u00f3 article sobre\u00a0\u201cL\u2019agricultura regenerativa\u201d\u00a0a la revista digital Emporion.org\",\"datePublished\":\"2022-09-22T10:08:00+00:00\",\"dateModified\":\"2023-07-26T11:11:47+00:00\",\"mainEntityOfPage\":{\"@id\":\"https:\\\/\\\/mascasascruilles.cat\\\/publicacio-article-sobre-lagricultura-regenerativa-a-la-revista-digital-emporion-org\\\/\"},\"wordCount\":1313,\"publisher\":{\"@id\":\"https:\\\/\\\/mascasascruilles.cat\\\/#organization\"},\"image\":{\"@id\":\"https:\\\/\\\/mascasascruilles.cat\\\/publicacio-article-sobre-lagricultura-regenerativa-a-la-revista-digital-emporion-org\\\/#primaryimage\"},\"thumbnailUrl\":\"https:\\\/\\\/mascasascruilles.cat\\\/wp-content\\\/uploads\\\/2022\\\/09\\\/agricultura.jpg\",\"articleSection\":[\"Pres\u00e9ncia als media\"],\"inLanguage\":\"es\"},{\"@type\":\"WebPage\",\"@id\":\"https:\\\/\\\/mascasascruilles.cat\\\/publicacio-article-sobre-lagricultura-regenerativa-a-la-revista-digital-emporion-org\\\/\",\"url\":\"https:\\\/\\\/mascasascruilles.cat\\\/publicacio-article-sobre-lagricultura-regenerativa-a-la-revista-digital-emporion-org\\\/\",\"name\":\"Publicaci\u00f3 article sobre\u00a0\u201cL\u2019agricultura regenerativa\u201d\u00a0a la revista digital Emporion.org - Mas Casas Cru\u00eflles\",\"isPartOf\":{\"@id\":\"https:\\\/\\\/mascasascruilles.cat\\\/#website\"},\"primaryImageOfPage\":{\"@id\":\"https:\\\/\\\/mascasascruilles.cat\\\/publicacio-article-sobre-lagricultura-regenerativa-a-la-revista-digital-emporion-org\\\/#primaryimage\"},\"image\":{\"@id\":\"https:\\\/\\\/mascasascruilles.cat\\\/publicacio-article-sobre-lagricultura-regenerativa-a-la-revista-digital-emporion-org\\\/#primaryimage\"},\"thumbnailUrl\":\"https:\\\/\\\/mascasascruilles.cat\\\/wp-content\\\/uploads\\\/2022\\\/09\\\/agricultura.jpg\",\"datePublished\":\"2022-09-22T10:08:00+00:00\",\"dateModified\":\"2023-07-26T11:11:47+00:00\",\"breadcrumb\":{\"@id\":\"https:\\\/\\\/mascasascruilles.cat\\\/publicacio-article-sobre-lagricultura-regenerativa-a-la-revista-digital-emporion-org\\\/#breadcrumb\"},\"inLanguage\":\"es\",\"potentialAction\":[{\"@type\":\"ReadAction\",\"target\":[\"https:\\\/\\\/mascasascruilles.cat\\\/publicacio-article-sobre-lagricultura-regenerativa-a-la-revista-digital-emporion-org\\\/\"]}]},{\"@type\":\"ImageObject\",\"inLanguage\":\"es\",\"@id\":\"https:\\\/\\\/mascasascruilles.cat\\\/publicacio-article-sobre-lagricultura-regenerativa-a-la-revista-digital-emporion-org\\\/#primaryimage\",\"url\":\"https:\\\/\\\/mascasascruilles.cat\\\/wp-content\\\/uploads\\\/2022\\\/09\\\/agricultura.jpg\",\"contentUrl\":\"https:\\\/\\\/mascasascruilles.cat\\\/wp-content\\\/uploads\\\/2022\\\/09\\\/agricultura.jpg\",\"width\":800,\"height\":534},{\"@type\":\"BreadcrumbList\",\"@id\":\"https:\\\/\\\/mascasascruilles.cat\\\/publicacio-article-sobre-lagricultura-regenerativa-a-la-revista-digital-emporion-org\\\/#breadcrumb\",\"itemListElement\":[{\"@type\":\"ListItem\",\"position\":1,\"name\":\"Inici\",\"item\":\"https:\\\/\\\/mascasascruilles.cat\\\/\"},{\"@type\":\"ListItem\",\"position\":2,\"name\":\"Publicaci\u00f3 article sobre\u00a0\u201cL\u2019agricultura regenerativa\u201d\u00a0a la revista digital Emporion.org\"}]},{\"@type\":\"WebSite\",\"@id\":\"https:\\\/\\\/mascasascruilles.cat\\\/#website\",\"url\":\"https:\\\/\\\/mascasascruilles.cat\\\/\",\"name\":\"Mas Casas Cru\u00eflles\",\"description\":\"Granja familiar amb ovelles a Empord\u00e0\",\"publisher\":{\"@id\":\"https:\\\/\\\/mascasascruilles.cat\\\/#organization\"},\"potentialAction\":[{\"@type\":\"SearchAction\",\"target\":{\"@type\":\"EntryPoint\",\"urlTemplate\":\"https:\\\/\\\/mascasascruilles.cat\\\/?s={search_term_string}\"},\"query-input\":{\"@type\":\"PropertyValueSpecification\",\"valueRequired\":true,\"valueName\":\"search_term_string\"}}],\"inLanguage\":\"es\"},{\"@type\":\"Organization\",\"@id\":\"https:\\\/\\\/mascasascruilles.cat\\\/#organization\",\"name\":\"Mas Casas Cru\u00eflles\",\"url\":\"https:\\\/\\\/mascasascruilles.cat\\\/\",\"logo\":{\"@type\":\"ImageObject\",\"inLanguage\":\"es\",\"@id\":\"https:\\\/\\\/mascasascruilles.cat\\\/#\\\/schema\\\/logo\\\/image\\\/\",\"url\":\"https:\\\/\\\/mascasascruilles.cat\\\/wp-content\\\/uploads\\\/2022\\\/02\\\/cropped-logo_mascasas_negre.jpg\",\"contentUrl\":\"https:\\\/\\\/mascasascruilles.cat\\\/wp-content\\\/uploads\\\/2022\\\/02\\\/cropped-logo_mascasas_negre.jpg\",\"width\":756,\"height\":756,\"caption\":\"Mas Casas Cru\u00eflles\"},\"image\":{\"@id\":\"https:\\\/\\\/mascasascruilles.cat\\\/#\\\/schema\\\/logo\\\/image\\\/\"}},{\"@type\":\"Person\",\"@id\":\"https:\\\/\\\/mascasascruilles.cat\\\/#\\\/schema\\\/person\\\/966bc8f403d2ef1308ea0ff11de278bc\",\"name\":\"eloi\",\"url\":\"https:\\\/\\\/mascasascruilles.cat\\\/es\\\/author\\\/eloi\\\/\"}]}<\/script>\n<!-- \/ Yoast SEO plugin. -->","yoast_head_json":{"title":"Publicaci\u00f3 article sobre\u00a0\u201cL\u2019agricultura regenerativa\u201d\u00a0a la revista digital Emporion.org - Mas Casas Cru\u00eflles","robots":{"index":"index","follow":"follow","max-snippet":"max-snippet:-1","max-image-preview":"max-image-preview:large","max-video-preview":"max-video-preview:-1"},"canonical":"https:\/\/mascasascruilles.cat\/es\/publicacio-article-sobre-lagricultura-regenerativa-a-la-revista-digital-emporion-org\/","og_locale":"es_ES","og_type":"article","og_title":"Publicaci\u00f3 article sobre\u00a0\u201cL\u2019agricultura regenerativa\u201d\u00a0a la revista digital Emporion.org - Mas Casas Cru\u00eflles","og_description":"\u201cUna nova manera de gestionar la terra \u00e9s imprescindible per la lluita contra el canvi clim\u00e0tic, la transici\u00f3 energ\u00e8tica, el repte de la sobirania aliment\u00e0ria i de la viabilitat del sector agro-ramader.\u201d Els primers 30cm d\u2019un s\u00f2l agr\u00edcola viu \u00e9s on resideixen tots els microorganismes que generen la vida al planeta. Per tant, pels que...","og_url":"https:\/\/mascasascruilles.cat\/es\/publicacio-article-sobre-lagricultura-regenerativa-a-la-revista-digital-emporion-org\/","og_site_name":"Mas Casas Cru\u00eflles","article_published_time":"2022-09-22T10:08:00+00:00","article_modified_time":"2023-07-26T11:11:47+00:00","og_image":[{"width":800,"height":534,"url":"https:\/\/mascasascruilles.cat\/wp-content\/uploads\/2022\/09\/agricultura.jpg","type":"image\/jpeg"}],"author":"eloi","twitter_card":"summary_large_image","twitter_misc":{"Escrito por":"eloi","Tiempo de lectura":"7 minutos"},"schema":{"@context":"https:\/\/schema.org","@graph":[{"@type":"Article","@id":"https:\/\/mascasascruilles.cat\/publicacio-article-sobre-lagricultura-regenerativa-a-la-revista-digital-emporion-org\/#article","isPartOf":{"@id":"https:\/\/mascasascruilles.cat\/publicacio-article-sobre-lagricultura-regenerativa-a-la-revista-digital-emporion-org\/"},"author":{"name":"eloi","@id":"https:\/\/mascasascruilles.cat\/#\/schema\/person\/966bc8f403d2ef1308ea0ff11de278bc"},"headline":"Publicaci\u00f3 article sobre\u00a0\u201cL\u2019agricultura regenerativa\u201d\u00a0a la revista digital Emporion.org","datePublished":"2022-09-22T10:08:00+00:00","dateModified":"2023-07-26T11:11:47+00:00","mainEntityOfPage":{"@id":"https:\/\/mascasascruilles.cat\/publicacio-article-sobre-lagricultura-regenerativa-a-la-revista-digital-emporion-org\/"},"wordCount":1313,"publisher":{"@id":"https:\/\/mascasascruilles.cat\/#organization"},"image":{"@id":"https:\/\/mascasascruilles.cat\/publicacio-article-sobre-lagricultura-regenerativa-a-la-revista-digital-emporion-org\/#primaryimage"},"thumbnailUrl":"https:\/\/mascasascruilles.cat\/wp-content\/uploads\/2022\/09\/agricultura.jpg","articleSection":["Pres\u00e9ncia als media"],"inLanguage":"es"},{"@type":"WebPage","@id":"https:\/\/mascasascruilles.cat\/publicacio-article-sobre-lagricultura-regenerativa-a-la-revista-digital-emporion-org\/","url":"https:\/\/mascasascruilles.cat\/publicacio-article-sobre-lagricultura-regenerativa-a-la-revista-digital-emporion-org\/","name":"Publicaci\u00f3 article sobre\u00a0\u201cL\u2019agricultura regenerativa\u201d\u00a0a la revista digital Emporion.org - Mas Casas Cru\u00eflles","isPartOf":{"@id":"https:\/\/mascasascruilles.cat\/#website"},"primaryImageOfPage":{"@id":"https:\/\/mascasascruilles.cat\/publicacio-article-sobre-lagricultura-regenerativa-a-la-revista-digital-emporion-org\/#primaryimage"},"image":{"@id":"https:\/\/mascasascruilles.cat\/publicacio-article-sobre-lagricultura-regenerativa-a-la-revista-digital-emporion-org\/#primaryimage"},"thumbnailUrl":"https:\/\/mascasascruilles.cat\/wp-content\/uploads\/2022\/09\/agricultura.jpg","datePublished":"2022-09-22T10:08:00+00:00","dateModified":"2023-07-26T11:11:47+00:00","breadcrumb":{"@id":"https:\/\/mascasascruilles.cat\/publicacio-article-sobre-lagricultura-regenerativa-a-la-revista-digital-emporion-org\/#breadcrumb"},"inLanguage":"es","potentialAction":[{"@type":"ReadAction","target":["https:\/\/mascasascruilles.cat\/publicacio-article-sobre-lagricultura-regenerativa-a-la-revista-digital-emporion-org\/"]}]},{"@type":"ImageObject","inLanguage":"es","@id":"https:\/\/mascasascruilles.cat\/publicacio-article-sobre-lagricultura-regenerativa-a-la-revista-digital-emporion-org\/#primaryimage","url":"https:\/\/mascasascruilles.cat\/wp-content\/uploads\/2022\/09\/agricultura.jpg","contentUrl":"https:\/\/mascasascruilles.cat\/wp-content\/uploads\/2022\/09\/agricultura.jpg","width":800,"height":534},{"@type":"BreadcrumbList","@id":"https:\/\/mascasascruilles.cat\/publicacio-article-sobre-lagricultura-regenerativa-a-la-revista-digital-emporion-org\/#breadcrumb","itemListElement":[{"@type":"ListItem","position":1,"name":"Inici","item":"https:\/\/mascasascruilles.cat\/"},{"@type":"ListItem","position":2,"name":"Publicaci\u00f3 article sobre\u00a0\u201cL\u2019agricultura regenerativa\u201d\u00a0a la revista digital Emporion.org"}]},{"@type":"WebSite","@id":"https:\/\/mascasascruilles.cat\/#website","url":"https:\/\/mascasascruilles.cat\/","name":"Mas Casas Cru\u00eflles","description":"Granja familiar con ovejas en Empord\u00e0","publisher":{"@id":"https:\/\/mascasascruilles.cat\/#organization"},"potentialAction":[{"@type":"SearchAction","target":{"@type":"EntryPoint","urlTemplate":"https:\/\/mascasascruilles.cat\/?s={search_term_string}"},"query-input":{"@type":"PropertyValueSpecification","valueRequired":true,"valueName":"search_term_string"}}],"inLanguage":"es"},{"@type":"Organization","@id":"https:\/\/mascasascruilles.cat\/#organization","name":"Mas Casas Cru\u00eflles","url":"https:\/\/mascasascruilles.cat\/","logo":{"@type":"ImageObject","inLanguage":"es","@id":"https:\/\/mascasascruilles.cat\/#\/schema\/logo\/image\/","url":"https:\/\/mascasascruilles.cat\/wp-content\/uploads\/2022\/02\/cropped-logo_mascasas_negre.jpg","contentUrl":"https:\/\/mascasascruilles.cat\/wp-content\/uploads\/2022\/02\/cropped-logo_mascasas_negre.jpg","width":756,"height":756,"caption":"Mas Casas Cru\u00eflles"},"image":{"@id":"https:\/\/mascasascruilles.cat\/#\/schema\/logo\/image\/"}},{"@type":"Person","@id":"https:\/\/mascasascruilles.cat\/#\/schema\/person\/966bc8f403d2ef1308ea0ff11de278bc","name":"eloi","url":"https:\/\/mascasascruilles.cat\/es\/author\/eloi\/"}]}},"taxonomy_info":{"category":[{"value":1,"label":"Pres\u00e9ncia als media"}]},"featured_image_src_large":["https:\/\/mascasascruilles.cat\/wp-content\/uploads\/2022\/09\/agricultura.jpg",800,534,false],"author_info":{"display_name":"eloi","author_link":"https:\/\/mascasascruilles.cat\/es\/author\/eloi\/"},"comment_info":0,"category_info":[{"term_id":1,"name":"Pres\u00e9ncia als media","slug":"presencia-als-media","term_group":0,"term_taxonomy_id":1,"taxonomy":"category","description":"","parent":0,"count":12,"filter":"raw","cat_ID":1,"category_count":12,"category_description":"","cat_name":"Pres\u00e9ncia als media","category_nicename":"presencia-als-media","category_parent":0}],"tag_info":false,"_links":{"self":[{"href":"https:\/\/mascasascruilles.cat\/es\/wp-json\/wp\/v2\/posts\/3601","targetHints":{"allow":["GET"]}}],"collection":[{"href":"https:\/\/mascasascruilles.cat\/es\/wp-json\/wp\/v2\/posts"}],"about":[{"href":"https:\/\/mascasascruilles.cat\/es\/wp-json\/wp\/v2\/types\/post"}],"author":[{"embeddable":true,"href":"https:\/\/mascasascruilles.cat\/es\/wp-json\/wp\/v2\/users\/4"}],"replies":[{"embeddable":true,"href":"https:\/\/mascasascruilles.cat\/es\/wp-json\/wp\/v2\/comments?post=3601"}],"version-history":[{"count":5,"href":"https:\/\/mascasascruilles.cat\/es\/wp-json\/wp\/v2\/posts\/3601\/revisions"}],"predecessor-version":[{"id":3658,"href":"https:\/\/mascasascruilles.cat\/es\/wp-json\/wp\/v2\/posts\/3601\/revisions\/3658"}],"wp:featuredmedia":[{"embeddable":true,"href":"https:\/\/mascasascruilles.cat\/es\/wp-json\/wp\/v2\/media\/3653"}],"wp:attachment":[{"href":"https:\/\/mascasascruilles.cat\/es\/wp-json\/wp\/v2\/media?parent=3601"}],"wp:term":[{"taxonomy":"category","embeddable":true,"href":"https:\/\/mascasascruilles.cat\/es\/wp-json\/wp\/v2\/categories?post=3601"},{"taxonomy":"post_tag","embeddable":true,"href":"https:\/\/mascasascruilles.cat\/es\/wp-json\/wp\/v2\/tags?post=3601"}],"curies":[{"name":"wp","href":"https:\/\/api.w.org\/{rel}","templated":true}]}}